{"id":726,"date":"2019-03-25T10:44:13","date_gmt":"2019-03-25T10:44:13","guid":{"rendered":"https:\/\/kst.ffzg.unizg.hr\/?p=726"},"modified":"2022-06-21T12:25:19","modified_gmt":"2022-06-21T12:25:19","slug":"na-komemoraciji-povodom-dana-sjecanja-na-zrtve-18-ozujka-dana-prihvacanja-himne-nezavisnosti-i-dana-sjecanja-na-mehmeta-akifa-ersoya","status":"publish","type":"post","link":"https:\/\/kst.ffzg.unizg.hr\/index.php\/na-komemoraciji-povodom-dana-sjecanja-na-zrtve-18-ozujka-dana-prihvacanja-himne-nezavisnosti-i-dana-sjecanja-na-mehmeta-akifa-ersoya\/","title":{"rendered":"Na komemoraciji povodom Dana sje\u0107anja na \u017ertve 18. o\u017eujka, Dana prihva\u0107anja Himne nezavisnosti i Dana sje\u0107anja na Mehmeta Akifa Ersoya"},"content":{"rendered":"\n<h3>U prostorijama Instituta Yunus Emre pod pokroviteljstvom Veleposlanstva Republike Turske u Zagrebu obilje\u017een je prigodnom komemoracijom pro\u0161li ponedjeljak Dan sje\u0107anja na \u017ertve 18. o\u017eujka, Dan progla\u0161enja Himne nezavinosti himnom Republike Turske te Dan sje\u0107anja na Mehmeta Akifa Ersoya.<\/h3>\n\n\n\n<p>Komemoracija je zapo\u010dela minutom \u0161utnje, a uslijedilo je intoniranje turske nacionalne himne &#8211; <em>\u0130stikl\u00e2l Mar\u015f\u0131.<\/em>Prisutni su potom upoznati s doga\u0111njima 18. o\u017eujka 1915. godine u Bitci za \u010canakkale (Bitci kod Galipolja), s informacijama o prihva\u0107anju turske himne te o njezinu autoru, Mehmetu Akifu Ersoyu.<\/p>\n","protected":false},"excerpt":{"rendered":"<p>U prostorijama Instituta Yunus Emre pod pokroviteljstvom Veleposlanstva Republike Turske u Zagrebu obilje\u017een je prigodnom komemoracijom pro\u0161li ponedjeljak Dan sje\u0107anja na \u017ertve 18. o\u017eujka, Dan progla\u0161enja Himne nezavinosti himnom Republike Turske te Dan sje\u0107anja na Mehmeta Akifa Ersoya. Komemoracija je zapo\u010dela minutom \u0161utnje, a uslijedilo je intoniranje turske nacionalne himne &#8211; \u0130stikl\u00e2l Mar\u015f\u0131.Prisutni su potom [&hellip;]<\/p>\n","protected":false},"author":2,"featured_media":727,"comment_status":"closed","ping_status":"open","sticky":false,"template":"","format":"standard","meta":{"spay_email":""},"categories":[9,336],"tags":[197,198,194,196,195,199,79],"jetpack_featured_media_url":"https:\/\/kst.ffzg.unizg.hr\/wp-content\/uploads\/2019\/03\/IMG_6618-e1553510176671.jpg","_links":{"self":[{"href":"https:\/\/kst.ffzg.unizg.hr\/index.php\/wp-json\/wp\/v2\/posts\/726"}],"collection":[{"href":"https:\/\/kst.ffzg.unizg.hr\/index.php\/wp-json\/wp\/v2\/posts"}],"about":[{"href":"https:\/\/kst.ffzg.unizg.hr\/index.php\/wp-json\/wp\/v2\/types\/post"}],"author":[{"embeddable":true,"href":"https:\/\/kst.ffzg.unizg.hr\/index.php\/wp-json\/wp\/v2\/users\/2"}],"replies":[{"embeddable":true,"href":"https:\/\/kst.ffzg.unizg.hr\/index.php\/wp-json\/wp\/v2\/comments?post=726"}],"version-history":[{"count":1,"href":"https:\/\/kst.ffzg.unizg.hr\/index.php\/wp-json\/wp\/v2\/posts\/726\/revisions"}],"predecessor-version":[{"id":728,"href":"https:\/\/kst.ffzg.unizg.hr\/index.php\/wp-json\/wp\/v2\/posts\/726\/revisions\/728"}],"wp:featuredmedia":[{"embeddable":true,"href":"https:\/\/kst.ffzg.unizg.hr\/index.php\/wp-json\/wp\/v2\/media\/727"}],"wp:attachment":[{"href":"https:\/\/kst.ffzg.unizg.hr\/index.php\/wp-json\/wp\/v2\/media?parent=726"}],"wp:term":[{"taxonomy":"category","embeddable":true,"href":"https:\/\/kst.ffzg.unizg.hr\/index.php\/wp-json\/wp\/v2\/categories?post=726"},{"taxonomy":"post_tag","embeddable":true,"href":"https:\/\/kst.ffzg.unizg.hr\/index.php\/wp-json\/wp\/v2\/tags?post=726"}],"curies":[{"name":"wp","href":"https:\/\/api.w.org\/{rel}","templated":true}]}}