{"id":1710,"date":"2020-05-22T14:11:54","date_gmt":"2020-05-22T14:11:54","guid":{"rendered":"https:\/\/kst.ffzg.unizg.hr\/?p=1710"},"modified":"2022-06-21T12:24:25","modified_gmt":"2022-06-21T12:24:25","slug":"odgadanje-provedbe-regionalne-studentske-konferencije-mladi-turkolozi","status":"publish","type":"post","link":"https:\/\/kst.ffzg.unizg.hr\/index.php\/odgadanje-provedbe-regionalne-studentske-konferencije-mladi-turkolozi\/","title":{"rendered":"Odga\u0111anje provedbe Regionalne studentske konferencije \u201eMladi turkolozi\u201c"},"content":{"rendered":"\n<p class=\"has-drop-cap\">Na mre\u017enim stranicama Kluba studenata turkologije objavljen je sredinom o\u017eujka\/marta poziv na sudjelovanje na Regionalnoj studentskoj konferenciji \u201eMladi turkolozi\u201c \u010dije je odr\u017eavanje planirano za 5-7. studeni\/novembar 2020. godine na Filozofskome fakultetu Sveu\u010dili\u0161ta u Zagrebu u organizaciji Kluba studenata turkologije sa sjedi\u0161tem u Zagrebu.<\/p>\n\n\n\n<p>Me\u0111utim, promjena situacije na globalnome planu nagnala nas je na propitkivanje nu\u017enosti odr\u017eavanja konferencije u novonastalim okolnostima te su \u010dlanovi Kluba studenata turkologije na virtualnoj sjednici odr\u017eanoj 18. 5. 2020. jednoglasno izglasali<\/p>\n\n\n\n<p class=\"has-text-align-center\"><strong>Odga\u0111anje provedbe Regionalne studentske konferencije \u201eMladi turkolozi\u201c<\/strong><\/p>\n\n\n\n<p>Izra\u017eavamo \u017ealjenje \u0161to smo zbog pojave pandemijske bolesti COVID-19 uzrokovane novim korona virusom SARS CoV-2 primorani odgoditi konferenciju za neki povoljniji termin. Podsje\u0107amo, regionalna konferencija orijentirana ka studentima turkologije\/turskoga jezika i knji\u017eevnosti u Hrvatskoj, Bosni i Hercegovini i Srbiji te mladim znanstvenicima koji svoja istra\u017eivanja usmjeravaju ka turkolo\u0161kim temama, ali i svim ostalim zainteresiranim studentima i profesorima, trebala se odr\u017eati najesen ove godine.<\/p>\n\n\n\n<p>Nagla\u0161avamo kako konferenciju ne otkazujemo, ve\u0107 samo odga\u0111amo te prema trenutnim predvi\u0111anjima o\u010dekujemo njezino odr\u017eavanje u prvome dijelu 2021. godine, najvjerojatnije izme\u0111u dvaju semestara. Aktivno se nastavljamo konzultirati s organima Filozofskoga fakulteta u Zagrebu te Turskom agencijom za koordinaciju i suradnju (T\u0130KA), ali i drugim institucijama i ustanovama s kojima smo planirali suradnju na ovome projektu.&nbsp;<\/p>\n\n\n\n<p>Trenutno sa sigurno\u0161\u0107u mo\u017eemo re\u0107i kako \u0107emo vi\u0161e informacija imati po\u010detkom ak. god. 2020\/\u201921. kada \u0107emo poslati novi poziv na sudjelovanje te objaviti detalje o samome na\u010dinu provedbe. Za vi\u0161e informacija o ideji i projektu pritisnite na <a href=\"https:\/\/kst.ffzg.unizg.hr\/index.php\/regionalna-studentska-konferencija-studenata-turkologije-mladi-turkolozi\/\">poveznicu<\/a>.<\/p>\n\n\n\n<p>Ponavljamo \u017ealjenje zbog novonastale situacije te se nadamo produktivnome susretu na prolje\u0107e 2021. i veselimo dru\u017eenju i suradnji!<\/p>\n\n\n\n<p class=\"has-text-align-right\">\u010clanovi Kluba studenata turkologije<\/p>\n","protected":false},"excerpt":{"rendered":"<p>Na mre\u017enim stranicama Kluba studenata turkologije objavljen je sredinom o\u017eujka\/marta poziv na sudjelovanje na Regionalnoj studentskoj konferenciji \u201eMladi turkolozi\u201c \u010dije je odr\u017eavanje planirano za 5-7. studeni\/novembar 2020. godine na Filozofskome fakultetu Sveu\u010dili\u0161ta u Zagrebu u organizaciji Kluba studenata turkologije sa sjedi\u0161tem u Zagrebu. Me\u0111utim, promjena situacije na globalnome planu nagnala nas je na propitkivanje nu\u017enosti [&hellip;]<\/p>\n","protected":false},"author":2,"featured_media":810,"comment_status":"closed","ping_status":"open","sticky":false,"template":"","format":"standard","meta":{"spay_email":""},"categories":[322,9],"tags":[372,366,373,374],"jetpack_featured_media_url":"https:\/\/kst.ffzg.unizg.hr\/wp-content\/uploads\/2019\/08\/Resim1-3.png","_links":{"self":[{"href":"https:\/\/kst.ffzg.unizg.hr\/index.php\/wp-json\/wp\/v2\/posts\/1710"}],"collection":[{"href":"https:\/\/kst.ffzg.unizg.hr\/index.php\/wp-json\/wp\/v2\/posts"}],"about":[{"href":"https:\/\/kst.ffzg.unizg.hr\/index.php\/wp-json\/wp\/v2\/types\/post"}],"author":[{"embeddable":true,"href":"https:\/\/kst.ffzg.unizg.hr\/index.php\/wp-json\/wp\/v2\/users\/2"}],"replies":[{"embeddable":true,"href":"https:\/\/kst.ffzg.unizg.hr\/index.php\/wp-json\/wp\/v2\/comments?post=1710"}],"version-history":[{"count":2,"href":"https:\/\/kst.ffzg.unizg.hr\/index.php\/wp-json\/wp\/v2\/posts\/1710\/revisions"}],"predecessor-version":[{"id":1712,"href":"https:\/\/kst.ffzg.unizg.hr\/index.php\/wp-json\/wp\/v2\/posts\/1710\/revisions\/1712"}],"wp:featuredmedia":[{"embeddable":true,"href":"https:\/\/kst.ffzg.unizg.hr\/index.php\/wp-json\/wp\/v2\/media\/810"}],"wp:attachment":[{"href":"https:\/\/kst.ffzg.unizg.hr\/index.php\/wp-json\/wp\/v2\/media?parent=1710"}],"wp:term":[{"taxonomy":"category","embeddable":true,"href":"https:\/\/kst.ffzg.unizg.hr\/index.php\/wp-json\/wp\/v2\/categories?post=1710"},{"taxonomy":"post_tag","embeddable":true,"href":"https:\/\/kst.ffzg.unizg.hr\/index.php\/wp-json\/wp\/v2\/tags?post=1710"}],"curies":[{"name":"wp","href":"https:\/\/api.w.org\/{rel}","templated":true}]}}